{"id":3755,"date":"2026-07-28T16:02:20","date_gmt":"2026-07-28T19:02:20","guid":{"rendered":"https:\/\/www.importecnica.com.br\/blog\/?p=3755"},"modified":"2026-07-28T16:02:20","modified_gmt":"2026-07-28T19:02:20","slug":"medidor-de-vibracao-saiba-quando-substituir-o-seu","status":"publish","type":"post","link":"https:\/\/www.importecnica.com.br\/blog\/medidor-de-vibracao-saiba-quando-substituir-o-seu\/","title":{"rendered":"Medidor de vibra\u00e7\u00e3o: saiba quando substituir o seu"},"content":{"rendered":"<span class=\"span-reading-time rt-reading-time\" style=\"display: block;\"><span class=\"rt-label rt-prefix\">Tempo de leitura:<\/span> <span class=\"rt-time\"> 3<\/span> <span class=\"rt-label rt-postfix\">minutos<\/span><\/span>\n<p class=\"wp-block-paragraph\"><strong><em>Descubra os sinais de que seu medidor de vibra\u00e7\u00e3o precisa de troca e como escolher o equipamento certo para sua rotina.<\/em><\/strong><\/p>\n\n\n\n<p class=\"wp-block-paragraph\">Quem trabalha com manuten\u00e7\u00e3o industrial sabe que a vibra\u00e7\u00e3o de uma m\u00e1quina conta uma hist\u00f3ria. Ela avisa sobre desgaste de rolamentos, desalinhamento de eixos e folgas antes que o problema vire parada n\u00e3o programada. O medidor de vibra\u00e7\u00e3o \u00e9 a ferramenta que traduz esses sinais em n\u00fameros confi\u00e1veis.<\/p>\n\n\n\n<p class=\"wp-block-paragraph\">S\u00f3 que, como qualquer instrumento de precis\u00e3o, ele tamb\u00e9m envelhece. E quando isso acontece, as leituras deixam de refletir a realidade do equipamento monitorado. Isso \u00e9 mais comum do que parece, principalmente em plantas que operam em ritmo intenso.<\/p>\n\n\n\n<p class=\"wp-block-paragraph\">Neste conte\u00fado, voc\u00ea vai entender os sinais que indicam desgaste, como isso afeta a rotina de manuten\u00e7\u00e3o e o que considerar na hora de substituir o aparelho.<\/p>\n\n\n\n<ul class=\"wp-block-list\">\n<li><a href=\"https:\/\/www.importecnica.com.br\/blog\/torquimetro-digital-profissional-como-escolher-certo\/\" target=\"_blank\" rel=\"noreferrer noopener\"><strong>Torqu\u00edmetro digital profissional: como escolher certo<\/strong><\/a><\/li>\n<\/ul>\n\n\n\n<div id=\"ez-toc-container\" class=\"ez-toc-v2_0_81 counter-hierarchy ez-toc-counter ez-toc-grey ez-toc-container-direction\">\n<div class=\"ez-toc-title-container\">\n<p class=\"ez-toc-title\" style=\"cursor:inherit\">O que abordaremos neste artigo:<\/p>\n<span class=\"ez-toc-title-toggle\"><a href=\"#\" class=\"ez-toc-pull-right ez-toc-btn ez-toc-btn-xs ez-toc-btn-default ez-toc-toggle\" aria-label=\"Alternar tabela de conte\u00fado\"><span class=\"ez-toc-js-icon-con\"><span class=\"\"><span class=\"eztoc-hide\" style=\"display:none;\">Toggle<\/span><span class=\"ez-toc-icon-toggle-span\"><svg style=\"fill: #999;color:#999\" xmlns=\"http:\/\/www.w3.org\/2000\/svg\" class=\"list-377408\" width=\"20px\" height=\"20px\" viewBox=\"0 0 24 24\" fill=\"none\"><path d=\"M6 6H4v2h2V6zm14 0H8v2h12V6zM4 11h2v2H4v-2zm16 0H8v2h12v-2zM4 16h2v2H4v-2zm16 0H8v2h12v-2z\" fill=\"currentColor\"><\/path><\/svg><svg style=\"fill: #999;color:#999\" class=\"arrow-unsorted-368013\" xmlns=\"http:\/\/www.w3.org\/2000\/svg\" width=\"10px\" height=\"10px\" viewBox=\"0 0 24 24\" version=\"1.2\" baseProfile=\"tiny\"><path d=\"M18.2 9.3l-6.2-6.3-6.2 6.3c-.2.2-.3.4-.3.7s.1.5.3.7c.2.2.4.3.7.3h11c.3 0 .5-.1.7-.3.2-.2.3-.5.3-.7s-.1-.5-.3-.7zM5.8 14.7l6.2 6.3 6.2-6.3c.2-.2.3-.5.3-.7s-.1-.5-.3-.7c-.2-.2-.4-.3-.7-.3h-11c-.3 0-.5.1-.7.3-.2.2-.3.5-.3.7s.1.5.3.7z\"\/><\/svg><\/span><\/span><\/span><\/a><\/span><\/div>\n<nav><ul class='ez-toc-list ez-toc-list-level-1 ' ><li class='ez-toc-page-1 ez-toc-heading-level-2'><a class=\"ez-toc-link ez-toc-heading-1\" href=\"https:\/\/www.importecnica.com.br\/blog\/medidor-de-vibracao-saiba-quando-substituir-o-seu\/#Sinais_de_que_o_medidor_de_vibracao_esta_perdendo_precisao\" >Sinais de que o medidor de vibra\u00e7\u00e3o est\u00e1 perdendo precis\u00e3o<\/a><\/li><li class='ez-toc-page-1 ez-toc-heading-level-2'><a class=\"ez-toc-link ez-toc-heading-2\" href=\"https:\/\/www.importecnica.com.br\/blog\/medidor-de-vibracao-saiba-quando-substituir-o-seu\/#O_impacto_de_um_instrumento_desatualizado_na_manutencao_preditiva\" >O impacto de um instrumento desatualizado na manuten\u00e7\u00e3o preditiva<\/a><\/li><li class='ez-toc-page-1 ez-toc-heading-level-2'><a class=\"ez-toc-link ez-toc-heading-3\" href=\"https:\/\/www.importecnica.com.br\/blog\/medidor-de-vibracao-saiba-quando-substituir-o-seu\/#Vida_util_media_e_frequencia_de_calibracao\" >Vida \u00fatil m\u00e9dia e frequ\u00eancia de calibra\u00e7\u00e3o<\/a><\/li><li class='ez-toc-page-1 ez-toc-heading-level-2'><a class=\"ez-toc-link ez-toc-heading-4\" href=\"https:\/\/www.importecnica.com.br\/blog\/medidor-de-vibracao-saiba-quando-substituir-o-seu\/#Como_escolher_o_novo_medidor_de_vibracao_para_sua_operacao\" >Como escolher o novo medidor de vibra\u00e7\u00e3o para sua opera\u00e7\u00e3o?<\/a><\/li><li class='ez-toc-page-1 ez-toc-heading-level-2'><a class=\"ez-toc-link ez-toc-heading-5\" href=\"https:\/\/www.importecnica.com.br\/blog\/medidor-de-vibracao-saiba-quando-substituir-o-seu\/#Beneficios_de_manter_o_medidor_de_vibracao_sempre_atualizado\" >Benef\u00edcios de manter o medidor de vibra\u00e7\u00e3o sempre atualizado<\/a><\/li><li class='ez-toc-page-1 ez-toc-heading-level-2'><a class=\"ez-toc-link ez-toc-heading-6\" href=\"https:\/\/www.importecnica.com.br\/blog\/medidor-de-vibracao-saiba-quando-substituir-o-seu\/#Conte_com_a_Importecnica_para_renovar_seu_instrumento_de_medicao\" >Conte com a Import\u00e9cnica para renovar seu instrumento de medi\u00e7\u00e3o!<\/a><\/li><\/ul><\/nav><\/div>\n<h2 class=\"wp-block-heading\"><span class=\"ez-toc-section\" id=\"Sinais_de_que_o_medidor_de_vibracao_esta_perdendo_precisao\"><\/span>Sinais de que o medidor de vibra\u00e7\u00e3o est\u00e1 perdendo precis\u00e3o<span class=\"ez-toc-section-end\"><\/span><\/h2>\n\n\n\n<p class=\"wp-block-paragraph\">O primeiro sinal costuma aparecer nas pr\u00f3prias leituras. Quando os valores come\u00e7am a variar sem uma causa mec\u00e2nica evidente, o problema pode estar no instrumento, n\u00e3o na m\u00e1quina.<\/p>\n\n\n\n<p class=\"wp-block-paragraph\">Outro ind\u00edcio comum \u00e9 a demora para o display estabilizar. Um medidor de vibra\u00e7\u00e3o em bom estado responde r\u00e1pido; se ele trava ou oscila antes de mostrar o resultado, o sensor interno j\u00e1 n\u00e3o est\u00e1 funcionando como deveria.<\/p>\n\n\n\n<p class=\"wp-block-paragraph\">Tamb\u00e9m vale observar o comportamento em diferentes pontos de medi\u00e7\u00e3o. Se o aparelho apresenta valores parecidos em locais que deveriam ter vibra\u00e7\u00f5es distintas, isso costuma indicar perda de sensibilidade do aceler\u00f4metro.<\/p>\n\n\n\n<ul class=\"wp-block-list\">\n<li><a href=\"https:\/\/www.importecnica.com.br\/blog\/pinos-calibrados-guia-rapido-para-comprar-certo\/\" target=\"_blank\" rel=\"noreferrer noopener\"><strong>Pinos calibrados: guia r\u00e1pido para comprar certo<\/strong><\/a><\/li>\n<\/ul>\n\n\n\n<h2 class=\"wp-block-heading\"><span class=\"ez-toc-section\" id=\"O_impacto_de_um_instrumento_desatualizado_na_manutencao_preditiva\"><\/span>O impacto de um instrumento desatualizado na manuten\u00e7\u00e3o preditiva<span class=\"ez-toc-section-end\"><\/span><\/h2>\n\n\n\n<p class=\"wp-block-paragraph\">A manuten\u00e7\u00e3o preditiva depende de dados confi\u00e1veis para funcionar. Quando o medidor de vibra\u00e7\u00e3o j\u00e1 n\u00e3o entrega precis\u00e3o, o hist\u00f3rico de tend\u00eancias da m\u00e1quina fica comprometido, e decis\u00f5es importantes passam a ser tomadas com base em n\u00fameros errados.<\/p>\n\n\n\n<p class=\"wp-block-paragraph\">Isso costuma gerar dois cen\u00e1rios ruins. Ou a equipe interv\u00e9m em um equipamento que ainda est\u00e1 saud\u00e1vel, gastando tempo e recursos \u00e0 toa, ou deixa passar um problema real porque o instrumento n\u00e3o captou a varia\u00e7\u00e3o a tempo.<\/p>\n\n\n\n<p class=\"wp-block-paragraph\">Com o passar dos meses, esse tipo de falha silenciosa corr\u00f3i a confian\u00e7a da equipe no pr\u00f3prio processo de monitoramento. E reconstruir essa confian\u00e7a leva mais tempo do que simplesmente trocar o equipamento na hora certa.<\/p>\n\n\n\n<ul class=\"wp-block-list\">\n<li><a href=\"https:\/\/www.importecnica.com.br\/blog\/transmissor-de-vibracoes-vale-o-investimento\/\" target=\"_blank\" rel=\"noreferrer noopener\"><strong>Transmissor de vibra\u00e7\u00f5es: vale o investimento?<\/strong><\/a><\/li>\n<\/ul>\n\n\n\n<h2 class=\"wp-block-heading\"><span class=\"ez-toc-section\" id=\"Vida_util_media_e_frequencia_de_calibracao\"><\/span>Vida \u00fatil m\u00e9dia e frequ\u00eancia de calibra\u00e7\u00e3o<span class=\"ez-toc-section-end\"><\/span><\/h2>\n\n\n\n<p class=\"wp-block-paragraph\">N\u00e3o existe uma data de validade fixa para um medidor de vibra\u00e7\u00e3o, mas a maioria dos fabricantes recomenda calibra\u00e7\u00e3o peri\u00f3dica, geralmente anual, para garantir a exatid\u00e3o das medi\u00e7\u00f5es. Esse \u00e9 o primeiro par\u00e2metro a observar.<\/p>\n\n\n\n<p class=\"wp-block-paragraph\">Se o instrumento j\u00e1 passou por v\u00e1rias calibra\u00e7\u00f5es e continua apresentando desvio logo depois do ajuste, isso \u00e9 um sinal de que o desgaste interno \u00e9 maior do que a calibra\u00e7\u00e3o consegue corrigir. Nesses casos, a substitui\u00e7\u00e3o costuma ser mais econ\u00f4mica do que manuten\u00e7\u00f5es repetidas.<\/p>\n\n\n\n<p class=\"wp-block-paragraph\">A frequ\u00eancia de uso tamb\u00e9m pesa nessa conta. Equipamentos usados diariamente em ambientes industriais tendem a ter vida \u00fatil menor que aqueles usados esporadicamente em laborat\u00f3rios ou inspe\u00e7\u00f5es pontuais.<\/p>\n\n\n\n<figure class=\"wp-block-image aligncenter size-large is-resized\"><a href=\"https:\/\/www.importecnica.com.br\/produto\/medidor-de-vibracao\/241\" target=\"_blank\" rel=\" noreferrer noopener\"><img fetchpriority=\"high\" decoding=\"async\" width=\"1024\" height=\"768\" src=\"https:\/\/www.importecnica.com.br\/blog\/wp-content\/uploads\/2026\/07\/medidor-de-vibracao-1024x768.jpg\" alt=\"Medidor de vibra\u00e7\u00e3o: saiba quando substituir o seu\" class=\"wp-image-3756\" style=\"width:320px;height:auto\" srcset=\"https:\/\/www.importecnica.com.br\/blog\/wp-content\/uploads\/2026\/07\/medidor-de-vibracao-1024x768.jpg 1024w, https:\/\/www.importecnica.com.br\/blog\/wp-content\/uploads\/2026\/07\/medidor-de-vibracao-300x225.jpg 300w, https:\/\/www.importecnica.com.br\/blog\/wp-content\/uploads\/2026\/07\/medidor-de-vibracao-768x576.jpg 768w, https:\/\/www.importecnica.com.br\/blog\/wp-content\/uploads\/2026\/07\/medidor-de-vibracao.jpg 1448w\" sizes=\"(max-width: 1024px) 100vw, 1024px\" \/><\/a><\/figure>\n\n\n\n<h2 class=\"wp-block-heading\"><span class=\"ez-toc-section\" id=\"Como_escolher_o_novo_medidor_de_vibracao_para_sua_operacao\"><\/span>Como escolher o novo medidor de vibra\u00e7\u00e3o para sua opera\u00e7\u00e3o?<span class=\"ez-toc-section-end\"><\/span><\/h2>\n\n\n\n<p class=\"wp-block-paragraph\">Antes de substituir, vale mapear o que realmente \u00e9 medido no dia a dia. M\u00e1quinas rotativas, motores, bombas e compressores t\u00eam faixas de vibra\u00e7\u00e3o diferentes, e o instrumento precisa acompanhar essa variedade.<\/p>\n\n\n\n<p class=\"wp-block-paragraph\">Alguns pontos merecem aten\u00e7\u00e3o especial na escolha:<\/p>\n\n\n\n<p class=\"wp-block-paragraph\">&#8211; Faixa de frequ\u00eancia compat\u00edvel com os equipamentos monitorados;<\/p>\n\n\n\n<p class=\"wp-block-paragraph\">&#8211; Tipo de sensor, com ou sem haste de contato, conforme a aplica\u00e7\u00e3o;<\/p>\n\n\n\n<p class=\"wp-block-paragraph\">&#8211; Autonomia de bateria e facilidade de leitura no display.<\/p>\n\n\n\n<p class=\"wp-block-paragraph\"><\/p>\n\n\n\n<p class=\"wp-block-paragraph\">Um modelo leve e de f\u00e1cil manuseio, como os equipados com aceler\u00f4metro NK20, costuma atender bem rotinas de inspe\u00e7\u00e3o di\u00e1ria, j\u00e1 que permite deslocamento r\u00e1pido entre pontos de medi\u00e7\u00e3o sem perder precis\u00e3o.<\/p>\n\n\n\n<ul class=\"wp-block-list\">\n<li><a href=\"https:\/\/www.importecnica.com.br\/blog\/venda-de-instrumentos-de-medicao-em-sao-paulo-com-entrega-rapida-e-tradicao\/\" target=\"_blank\" rel=\"noreferrer noopener\"><strong>Venda de instrumentos de medi\u00e7\u00e3o em S\u00e3o Paulo com entrega r\u00e1pida e tradi\u00e7\u00e3o<\/strong><\/a><\/li>\n<\/ul>\n\n\n\n<h2 class=\"wp-block-heading\"><span class=\"ez-toc-section\" id=\"Beneficios_de_manter_o_medidor_de_vibracao_sempre_atualizado\"><\/span>Benef\u00edcios de manter o medidor de vibra\u00e7\u00e3o sempre atualizado<span class=\"ez-toc-section-end\"><\/span><\/h2>\n\n\n\n<p class=\"wp-block-paragraph\">Trabalhar com um instrumento confi\u00e1vel muda a forma como a equipe enxerga a manuten\u00e7\u00e3o. As decis\u00f5es passam a ser baseadas em dados reais, e n\u00e3o em suposi\u00e7\u00f5es sobre o estado da m\u00e1quina.<\/p>\n\n\n\n<p class=\"wp-block-paragraph\">Isso tamb\u00e9m reduz custos ao longo do tempo. Trocas de pe\u00e7as feitas no momento certo evitam paradas emergenciais, que costumam ser muito mais caras do que uma substitui\u00e7\u00e3o planejada de instrumento.<\/p>\n\n\n\n<p class=\"wp-block-paragraph\">Al\u00e9m disso, um parque de instrumentos atualizado facilita auditorias e certifica\u00e7\u00f5es de qualidade, j\u00e1 que a rastreabilidade das medi\u00e7\u00f5es passa a ser mais consistente e f\u00e1cil de comprovar.<\/p>\n\n\n\n<ul class=\"wp-block-list\">\n<li><a href=\"https:\/\/www.importecnica.com.br\/blog\/micrometro-interno-o-que-e-vantagens-e-onde-comprar\/\" target=\"_blank\" rel=\"noreferrer noopener\"><strong>Micr\u00f4metro interno: o que \u00e9, vantagens e onde comprar<\/strong><\/a><\/li>\n<\/ul>\n\n\n\n<h2 class=\"wp-block-heading\"><span class=\"ez-toc-section\" id=\"Conte_com_a_Importecnica_para_renovar_seu_instrumento_de_medicao\"><\/span>Conte com a Import\u00e9cnica para renovar seu instrumento de medi\u00e7\u00e3o!<span class=\"ez-toc-section-end\"><\/span><\/h2>\n\n\n\n<p class=\"wp-block-paragraph\">A <a href=\"https:\/\/www.importecnica.com.br\/blog\/\" target=\"_blank\" rel=\"noreferrer noopener\"><strong>Import\u00e9cnica<\/strong><\/a> atua h\u00e1 anos como refer\u00eancia em instrumentos de medi\u00e7\u00e3o voltados ao controle de qualidade industrial. Isso inclui desde equipamentos para dureza e espessura at\u00e9 solu\u00e7\u00f5es espec\u00edficas para vibra\u00e7\u00e3o.<\/p>\n\n\n\n<p class=\"wp-block-paragraph\">Nossa equipe entende que cada planta tem uma rotina pr\u00f3pria, e por isso ajuda a identificar o modelo de medidor de vibra\u00e7\u00e3o mais adequado para o tipo de m\u00e1quina e frequ\u00eancia de uso da sua opera\u00e7\u00e3o.<\/p>\n\n\n\n<p class=\"wp-block-paragraph\">Se voc\u00ea j\u00e1 percebeu sinais de desgaste no seu equipamento ou simplesmente quer entender melhor as op\u00e7\u00f5es dispon\u00edveis, <a href=\"https:\/\/www.importecnica.com.br\/contato\" target=\"_blank\" rel=\"noreferrer noopener\"><strong>entre em contato com a Import\u00e9cnica<\/strong><\/a> e solicite um or\u00e7amento sem compromisso!<\/p>\n","protected":false},"excerpt":{"rendered":"<p><span class=\"span-reading-time rt-reading-time\" style=\"display: block;\"><span class=\"rt-label rt-prefix\">Tempo de leitura:<\/span> <span class=\"rt-time\"> 3<\/span> <span class=\"rt-label rt-postfix\">minutos<\/span><\/span>Descubra os sinais de que seu medidor de vibra\u00e7\u00e3o precisa de troca e como escolher o equipamento certo para sua rotina. Quem trabalha com manuten\u00e7\u00e3o industrial sabe que a vibra\u00e7\u00e3o de uma m\u00e1quina conta uma hist\u00f3ria. Ela avisa sobre desgaste de rolamentos, desalinhamento de eixos e folgas antes que o problema vire parada n\u00e3o programada. O medidor de vibra\u00e7\u00e3o \u00e9 a ferramenta que traduz esses sinais em n\u00fameros confi\u00e1veis. S\u00f3 que, como qualquer instrumento de precis\u00e3o, ele tamb\u00e9m envelhece. E quando isso acontece, as leituras deixam de refletir a realidade do equipamento monitorado. Isso \u00e9 mais comum do que parece, principalmente em plantas que operam em ritmo intenso. Neste conte\u00fado, voc\u00ea vai entender os sinais que indicam desgaste, como isso afeta a rotina de manuten\u00e7\u00e3o e o que considerar na hora de substituir o aparelho. Sinais de que o medidor de vibra\u00e7\u00e3o est\u00e1 perdendo precis\u00e3o O primeiro sinal costuma aparecer nas pr\u00f3prias leituras. Quando os valores come\u00e7am a variar sem uma causa mec\u00e2nica evidente, o problema pode estar no instrumento, n\u00e3o na m\u00e1quina. Outro ind\u00edcio comum \u00e9 a demora para o display estabilizar. Um medidor de vibra\u00e7\u00e3o em bom estado responde r\u00e1pido; se ele trava ou oscila antes de mostrar o resultado, o sensor interno j\u00e1 n\u00e3o est\u00e1 funcionando como deveria. Tamb\u00e9m vale observar o comportamento em diferentes pontos de medi\u00e7\u00e3o. Se o aparelho apresenta valores parecidos em locais que deveriam ter vibra\u00e7\u00f5es distintas, isso costuma indicar perda de sensibilidade do aceler\u00f4metro. O impacto de um instrumento desatualizado na manuten\u00e7\u00e3o preditiva A manuten\u00e7\u00e3o preditiva depende de dados confi\u00e1veis para funcionar. Quando o medidor de vibra\u00e7\u00e3o j\u00e1 n\u00e3o entrega precis\u00e3o, o hist\u00f3rico de tend\u00eancias da m\u00e1quina fica comprometido, e decis\u00f5es importantes passam a ser tomadas com base em n\u00fameros errados. Isso costuma gerar dois cen\u00e1rios ruins. Ou a equipe interv\u00e9m em um equipamento que ainda est\u00e1 saud\u00e1vel, gastando tempo e recursos \u00e0 toa, ou deixa passar um problema real porque o instrumento n\u00e3o captou a varia\u00e7\u00e3o a tempo. Com o passar dos meses, esse tipo de falha silenciosa corr\u00f3i a confian\u00e7a da equipe no pr\u00f3prio processo de monitoramento. E reconstruir essa confian\u00e7a leva mais tempo do que simplesmente trocar o equipamento na hora certa. Vida \u00fatil m\u00e9dia e frequ\u00eancia de calibra\u00e7\u00e3o N\u00e3o existe uma data de validade fixa para um medidor de vibra\u00e7\u00e3o, mas a maioria dos fabricantes recomenda calibra\u00e7\u00e3o peri\u00f3dica, geralmente anual, para garantir a exatid\u00e3o das medi\u00e7\u00f5es. Esse \u00e9 o primeiro par\u00e2metro a observar. Se o instrumento j\u00e1 passou por v\u00e1rias calibra\u00e7\u00f5es e continua apresentando desvio logo depois do ajuste, isso \u00e9 um sinal de que o desgaste interno \u00e9 maior do que a calibra\u00e7\u00e3o consegue corrigir. Nesses casos, a substitui\u00e7\u00e3o costuma ser mais econ\u00f4mica do que manuten\u00e7\u00f5es repetidas. A frequ\u00eancia de uso tamb\u00e9m pesa nessa conta. Equipamentos usados diariamente em ambientes industriais tendem a ter vida \u00fatil menor que aqueles usados esporadicamente em laborat\u00f3rios ou inspe\u00e7\u00f5es pontuais. Como escolher o novo medidor de vibra\u00e7\u00e3o para sua opera\u00e7\u00e3o? Antes de substituir, vale mapear o que realmente \u00e9 medido no dia a dia. M\u00e1quinas rotativas, motores, bombas e compressores t\u00eam faixas de vibra\u00e7\u00e3o diferentes, e o instrumento precisa acompanhar essa variedade. Alguns pontos merecem aten\u00e7\u00e3o especial na escolha: &#8211; Faixa de frequ\u00eancia compat\u00edvel com os equipamentos monitorados; &#8211; Tipo de sensor, com ou sem haste de contato, conforme a aplica\u00e7\u00e3o; &#8211; Autonomia de bateria e facilidade de leitura no display. Um modelo leve e de f\u00e1cil manuseio, como os equipados com aceler\u00f4metro NK20, costuma atender bem rotinas de inspe\u00e7\u00e3o di\u00e1ria, j\u00e1 que permite deslocamento r\u00e1pido entre pontos de medi\u00e7\u00e3o sem perder precis\u00e3o. Benef\u00edcios de manter o medidor de vibra\u00e7\u00e3o sempre atualizado Trabalhar com um instrumento confi\u00e1vel muda a forma como a equipe enxerga a manuten\u00e7\u00e3o. As decis\u00f5es passam a ser baseadas em dados reais, e n\u00e3o em suposi\u00e7\u00f5es sobre o estado da m\u00e1quina. Isso tamb\u00e9m reduz custos ao longo do tempo. Trocas de pe\u00e7as feitas no momento certo evitam paradas emergenciais, que costumam ser muito mais caras do que uma substitui\u00e7\u00e3o planejada de instrumento. Al\u00e9m disso, um parque de instrumentos atualizado facilita auditorias e certifica\u00e7\u00f5es de qualidade, j\u00e1 que a rastreabilidade das medi\u00e7\u00f5es passa a ser mais consistente e f\u00e1cil de comprovar. Conte com a Import\u00e9cnica para renovar seu instrumento de medi\u00e7\u00e3o! A Import\u00e9cnica atua h\u00e1 anos como refer\u00eancia em instrumentos de medi\u00e7\u00e3o voltados ao controle de qualidade industrial. Isso inclui desde equipamentos para dureza e espessura at\u00e9 solu\u00e7\u00f5es espec\u00edficas para vibra\u00e7\u00e3o. Nossa equipe entende que cada planta tem uma rotina pr\u00f3pria, e por isso ajuda a identificar o modelo de medidor de vibra\u00e7\u00e3o mais adequado para o tipo de m\u00e1quina e frequ\u00eancia de uso da sua opera\u00e7\u00e3o. Se voc\u00ea j\u00e1 percebeu sinais de desgaste no seu equipamento ou simplesmente quer entender melhor as op\u00e7\u00f5es dispon\u00edveis, entre em contato com a Import\u00e9cnica e solicite um or\u00e7amento sem compromisso!<\/p>\n","protected":false},"author":1,"featured_media":3756,"comment_status":"open","ping_status":"open","sticky":false,"template":"","format":"standard","meta":{"footnotes":""},"categories":[2702],"tags":[2920,2943,2935,2922,2929,2932,2897,2895,2893,2892,2925,2908,2898,2918,2933,2912,2938,2905,2941,2913,2917,2930,2915,2901,2931,2907,2924,2914,2906,2910,2909,2939,2916,2928,2900,2911,2926,2903,2919,2894,2902,2904,2899,2940,2936,2934,2927,2923,2921,2942,2896,2937],"class_list":["post-3755","post","type-post","status-publish","format-standard","has-post-thumbnail","hentry","category-instrumentos-de-medicao","tag-com-que-frequencia-devo-calibrar-meu-medidor-de-vibracao","tag-como-escolher-um-medidor-de-vibracao-para-minha-industria","tag-como-funciona-a-leitura-de-vibracao-em-maquinas-rotativas","tag-como-saber-se-o-medidor-de-vibracao-esta-descalibrado","tag-como-solicitar-orcamento-de-medidor-de-vibracao-na-importecnica","tag-como-um-medidor-de-vibracao-desatualizado-afeta-a-manutencao","tag-empresa-de-medidor-de-vibracao","tag-fornecedor-de-medidor-de-vibracao","tag-loja-de-medidor-de-vibracao","tag-medidor-de-vibracao","tag-medidor-de-vibracao-ajuda-na-manutencao-preditiva","tag-medidor-de-vibracao-comprar","tag-medidor-de-vibracao-direto-da-fabrica","tag-medidor-de-vibracao-em-diadema","tag-medidor-de-vibracao-em-guarulhos","tag-medidor-de-vibracao-em-maua","tag-medidor-de-vibracao-em-osasco","tag-medidor-de-vibracao-em-promocao","tag-medidor-de-vibracao-em-ribeirao-pires","tag-medidor-de-vibracao-em-rio-grande-da-serra","tag-medidor-de-vibracao-em-santo-andre","tag-medidor-de-vibracao-em-sao-bernardo-do-campo","tag-medidor-de-vibracao-em-sao-caetano-do-sul","tag-medidor-de-vibracao-em-sao-paulo","tag-medidor-de-vibracao-em-sorocaba","tag-medidor-de-vibracao-em-sp","tag-medidor-de-vibracao-na-grande-sao-paulo","tag-medidor-de-vibracao-na-mooca","tag-medidor-de-vibracao-na-penha","tag-medidor-de-vibracao-na-vila-formosa","tag-medidor-de-vibracao-na-zona-leste","tag-medidor-de-vibracao-na-zona-norte","tag-medidor-de-vibracao-na-zona-oeste","tag-medidor-de-vibracao-na-zona-sudeste","tag-medidor-de-vibracao-na-zona-sul","tag-medidor-de-vibracao-no-analia-franco","tag-medidor-de-vibracao-no-belenzinho","tag-medidor-de-vibracao-no-carrao","tag-medidor-de-vibracao-no-tatuape","tag-medidor-de-vibracao-onde-encontrar","tag-medidor-de-vibracao-perto-de-mim","tag-medidor-de-vibracao-preco","tag-medidor-de-vibracao-proximo-a-mim","tag-o-que-e-acelerometro-em-medidor-de-vibracao","tag-onde-comprar-medidor-de-vibracao-confiavel","tag-quais-equipamentos-precisam-de-monitoramento-de-vibracao","tag-quais-os-sinais-de-desgaste-em-um-medidor-de-vibracao","tag-qual-a-diferenca-entre-sensor-com-base-magnetica-e-haste-de-contato","tag-qual-a-vida-util-de-um-medidor-de-vibracao","tag-qual-medidor-de-vibracao-e-indicado-para-uso-diario","tag-revendedor-de-medidor-de-vibracao","tag-vale-a-pena-trocar-o-medidor-de-vibracao-ou-so-calibrar"],"yoast_head":"<!-- This site is optimized with the Yoast SEO plugin v27.2 - https:\/\/yoast.com\/product\/yoast-seo-wordpress\/ -->\n<title>Medidor de vibra\u00e7\u00e3o: saiba quando substituir o seu - Blog<\/title>\n<meta name=\"description\" content=\"Descubra quando trocar o medidor de vibra\u00e7\u00e3o da sua ind\u00fastria e evite falhas na manuten\u00e7\u00e3o preditiva das suas m\u00e1quinas.\" \/>\n<meta name=\"robots\" content=\"index, follow, max-snippet:-1, max-image-preview:large, max-video-preview:-1\" \/>\n<link rel=\"canonical\" href=\"https:\/\/www.importecnica.com.br\/blog\/medidor-de-vibracao-saiba-quando-substituir-o-seu\/\" \/>\n<meta property=\"og:locale\" content=\"pt_BR\" \/>\n<meta property=\"og:type\" content=\"article\" \/>\n<meta property=\"og:title\" content=\"Medidor de vibra\u00e7\u00e3o: saiba quando substituir o seu - Blog\" \/>\n<meta property=\"og:description\" content=\"Descubra quando trocar o medidor de vibra\u00e7\u00e3o da sua ind\u00fastria e evite falhas na manuten\u00e7\u00e3o preditiva das suas m\u00e1quinas.\" \/>\n<meta property=\"og:url\" content=\"https:\/\/www.importecnica.com.br\/blog\/medidor-de-vibracao-saiba-quando-substituir-o-seu\/\" \/>\n<meta property=\"og:site_name\" content=\"Blog\" \/>\n<meta property=\"article:published_time\" content=\"2026-07-28T19:02:20+00:00\" \/>\n<meta property=\"og:image\" content=\"https:\/\/www.importecnica.com.br\/blog\/wp-content\/uploads\/2026\/07\/medidor-de-vibracao.jpg\" \/>\n\t<meta property=\"og:image:width\" content=\"1448\" \/>\n\t<meta property=\"og:image:height\" content=\"1086\" \/>\n\t<meta property=\"og:image:type\" content=\"image\/jpeg\" \/>\n<meta name=\"author\" content=\"admin\" \/>\n<meta name=\"twitter:card\" content=\"summary_large_image\" \/>\n<meta name=\"twitter:label1\" content=\"Escrito por\" \/>\n\t<meta name=\"twitter:data1\" content=\"admin\" \/>\n\t<meta name=\"twitter:label2\" content=\"Est. tempo de leitura\" \/>\n\t<meta name=\"twitter:data2\" content=\"6 minutos\" \/>\n<script type=\"application\/ld+json\" class=\"yoast-schema-graph\">{\"@context\":\"https:\/\/schema.org\",\"@graph\":[{\"@type\":\"Article\",\"@id\":\"https:\/\/www.importecnica.com.br\/blog\/medidor-de-vibracao-saiba-quando-substituir-o-seu\/#article\",\"isPartOf\":{\"@id\":\"https:\/\/www.importecnica.com.br\/blog\/medidor-de-vibracao-saiba-quando-substituir-o-seu\/\"},\"author\":{\"name\":\"admin\",\"@id\":\"https:\/\/www.importecnica.com.br\/blog\/#\/schema\/person\/d6d0c3dad514e0615a7dd3188fe63bd0\"},\"headline\":\"Medidor de vibra\u00e7\u00e3o: saiba quando substituir o seu\",\"datePublished\":\"2026-07-28T19:02:20+00:00\",\"mainEntityOfPage\":{\"@id\":\"https:\/\/www.importecnica.com.br\/blog\/medidor-de-vibracao-saiba-quando-substituir-o-seu\/\"},\"wordCount\":963,\"commentCount\":0,\"publisher\":{\"@id\":\"https:\/\/www.importecnica.com.br\/blog\/#organization\"},\"image\":{\"@id\":\"https:\/\/www.importecnica.com.br\/blog\/medidor-de-vibracao-saiba-quando-substituir-o-seu\/#primaryimage\"},\"thumbnailUrl\":\"https:\/\/www.importecnica.com.br\/blog\/wp-content\/uploads\/2026\/07\/medidor-de-vibracao.jpg\",\"keywords\":[\"Com que frequ\u00eancia devo calibrar meu medidor de vibra\u00e7\u00e3o?\",\"Como escolher um medidor de vibra\u00e7\u00e3o para minha ind\u00fastria?\",\"Como funciona a leitura de vibra\u00e7\u00e3o em m\u00e1quinas rotativas?\",\"Como saber se o medidor de vibra\u00e7\u00e3o est\u00e1 descalibrado?\",\"Como solicitar or\u00e7amento de medidor de vibra\u00e7\u00e3o na Import\u00e9cnica?\",\"Como um medidor de vibra\u00e7\u00e3o desatualizado afeta a manuten\u00e7\u00e3o?\",\"Empresa de medidor de vibra\u00e7\u00e3o\",\"Fornecedor de medidor de vibra\u00e7\u00e3o\",\"Loja de medidor de vibra\u00e7\u00e3o\",\"Medidor de vibra\u00e7\u00e3o\",\"Medidor de vibra\u00e7\u00e3o ajuda na manuten\u00e7\u00e3o preditiva?\",\"Medidor de vibra\u00e7\u00e3o comprar\",\"Medidor de vibra\u00e7\u00e3o direto da fabrica\",\"Medidor de vibra\u00e7\u00e3o em Diadema\",\"Medidor de vibra\u00e7\u00e3o em Guarulhos\",\"Medidor de vibra\u00e7\u00e3o em Mau\u00e1\",\"Medidor de vibra\u00e7\u00e3o em Osasco\",\"Medidor de vibra\u00e7\u00e3o em promo\u00e7\u00e3o\",\"Medidor de vibra\u00e7\u00e3o em Ribeir\u00e3o Pires\",\"Medidor de vibra\u00e7\u00e3o em Rio Grande da Serra\",\"Medidor de vibra\u00e7\u00e3o em Santo Andr\u00e9\",\"Medidor de vibra\u00e7\u00e3o em S\u00e3o Bernardo do Campo\",\"Medidor de vibra\u00e7\u00e3o em S\u00e3o Caetano do Sul\",\"Medidor de vibra\u00e7\u00e3o em S\u00e3o Paulo\",\"Medidor de vibra\u00e7\u00e3o em Sorocaba\",\"Medidor de vibra\u00e7\u00e3o em SP\",\"Medidor de vibra\u00e7\u00e3o na Grande S\u00e3o Paulo\",\"Medidor de vibra\u00e7\u00e3o na Mooca\",\"Medidor de vibra\u00e7\u00e3o na Penha\",\"Medidor de vibra\u00e7\u00e3o na Vila Formosa\",\"Medidor de vibra\u00e7\u00e3o na Zona Leste\",\"Medidor de vibra\u00e7\u00e3o na Zona Norte\",\"Medidor de vibra\u00e7\u00e3o na Zona Oeste\",\"Medidor de vibra\u00e7\u00e3o na Zona Sudeste\",\"Medidor de vibra\u00e7\u00e3o na Zona Sul\",\"Medidor de vibra\u00e7\u00e3o no An\u00e1lia Franco\",\"Medidor de vibra\u00e7\u00e3o no Belenzinho\",\"Medidor de vibra\u00e7\u00e3o no Carr\u00e3o\",\"Medidor de vibra\u00e7\u00e3o no Tatuap\u00e9\",\"Medidor de vibra\u00e7\u00e3o onde encontrar\",\"Medidor de vibra\u00e7\u00e3o perto de mim\",\"Medidor de vibra\u00e7\u00e3o pre\u00e7o\",\"Medidor de vibra\u00e7\u00e3o pr\u00f3ximo a mim\",\"O que \u00e9 aceler\u00f4metro em medidor de vibra\u00e7\u00e3o?\",\"Onde comprar medidor de vibra\u00e7\u00e3o confi\u00e1vel?\",\"Quais equipamentos precisam de monitoramento de vibra\u00e7\u00e3o?\",\"Quais os sinais de desgaste em um medidor de vibra\u00e7\u00e3o?\",\"Qual a diferen\u00e7a entre sensor com base magn\u00e9tica e haste de contato?\",\"Qual a vida \u00fatil de um medidor de vibra\u00e7\u00e3o?\",\"Qual medidor de vibra\u00e7\u00e3o \u00e9 indicado para uso di\u00e1rio?\",\"Revendedor de medidor de vibra\u00e7\u00e3o\",\"Vale a pena trocar o medidor de vibra\u00e7\u00e3o ou s\u00f3 calibrar?\"],\"articleSection\":[\"instrumentos de medi\u00e7\u00e3o\"],\"inLanguage\":\"pt-BR\",\"potentialAction\":[{\"@type\":\"CommentAction\",\"name\":\"Comment\",\"target\":[\"https:\/\/www.importecnica.com.br\/blog\/medidor-de-vibracao-saiba-quando-substituir-o-seu\/#respond\"]}]},{\"@type\":\"WebPage\",\"@id\":\"https:\/\/www.importecnica.com.br\/blog\/medidor-de-vibracao-saiba-quando-substituir-o-seu\/\",\"url\":\"https:\/\/www.importecnica.com.br\/blog\/medidor-de-vibracao-saiba-quando-substituir-o-seu\/\",\"name\":\"Medidor de vibra\u00e7\u00e3o: saiba quando substituir o seu - Blog\",\"isPartOf\":{\"@id\":\"https:\/\/www.importecnica.com.br\/blog\/#website\"},\"primaryImageOfPage\":{\"@id\":\"https:\/\/www.importecnica.com.br\/blog\/medidor-de-vibracao-saiba-quando-substituir-o-seu\/#primaryimage\"},\"image\":{\"@id\":\"https:\/\/www.importecnica.com.br\/blog\/medidor-de-vibracao-saiba-quando-substituir-o-seu\/#primaryimage\"},\"thumbnailUrl\":\"https:\/\/www.importecnica.com.br\/blog\/wp-content\/uploads\/2026\/07\/medidor-de-vibracao.jpg\",\"datePublished\":\"2026-07-28T19:02:20+00:00\",\"description\":\"Descubra quando trocar o medidor de vibra\u00e7\u00e3o da sua ind\u00fastria e evite falhas na manuten\u00e7\u00e3o preditiva das suas m\u00e1quinas.\",\"breadcrumb\":{\"@id\":\"https:\/\/www.importecnica.com.br\/blog\/medidor-de-vibracao-saiba-quando-substituir-o-seu\/#breadcrumb\"},\"inLanguage\":\"pt-BR\",\"potentialAction\":[{\"@type\":\"ReadAction\",\"target\":[\"https:\/\/www.importecnica.com.br\/blog\/medidor-de-vibracao-saiba-quando-substituir-o-seu\/\"]}]},{\"@type\":\"ImageObject\",\"inLanguage\":\"pt-BR\",\"@id\":\"https:\/\/www.importecnica.com.br\/blog\/medidor-de-vibracao-saiba-quando-substituir-o-seu\/#primaryimage\",\"url\":\"https:\/\/www.importecnica.com.br\/blog\/wp-content\/uploads\/2026\/07\/medidor-de-vibracao.jpg\",\"contentUrl\":\"https:\/\/www.importecnica.com.br\/blog\/wp-content\/uploads\/2026\/07\/medidor-de-vibracao.jpg\",\"width\":1448,\"height\":1086,\"caption\":\"Medidor de vibra\u00e7\u00e3o: saiba quando substituir o seu\"},{\"@type\":\"BreadcrumbList\",\"@id\":\"https:\/\/www.importecnica.com.br\/blog\/medidor-de-vibracao-saiba-quando-substituir-o-seu\/#breadcrumb\",\"itemListElement\":[{\"@type\":\"ListItem\",\"position\":1,\"name\":\"In\u00edcio\",\"item\":\"https:\/\/www.importecnica.com.br\/blog\/\"},{\"@type\":\"ListItem\",\"position\":2,\"name\":\"Medidor de vibra\u00e7\u00e3o: saiba quando substituir o seu\"}]},{\"@type\":\"WebSite\",\"@id\":\"https:\/\/www.importecnica.com.br\/blog\/#website\",\"url\":\"https:\/\/www.importecnica.com.br\/blog\/\",\"name\":\"Blog\",\"description\":\"\",\"publisher\":{\"@id\":\"https:\/\/www.importecnica.com.br\/blog\/#organization\"},\"potentialAction\":[{\"@type\":\"SearchAction\",\"target\":{\"@type\":\"EntryPoint\",\"urlTemplate\":\"https:\/\/www.importecnica.com.br\/blog\/?s={search_term_string}\"},\"query-input\":{\"@type\":\"PropertyValueSpecification\",\"valueRequired\":true,\"valueName\":\"search_term_string\"}}],\"inLanguage\":\"pt-BR\"},{\"@type\":\"Organization\",\"@id\":\"https:\/\/www.importecnica.com.br\/blog\/#organization\",\"name\":\"Blog\",\"url\":\"https:\/\/www.importecnica.com.br\/blog\/\",\"logo\":{\"@type\":\"ImageObject\",\"inLanguage\":\"pt-BR\",\"@id\":\"https:\/\/www.importecnica.com.br\/blog\/#\/schema\/logo\/image\/\",\"url\":\"https:\/\/www.importecnica.com.br\/blog\/wp-content\/uploads\/2025\/12\/logo.png\",\"contentUrl\":\"https:\/\/www.importecnica.com.br\/blog\/wp-content\/uploads\/2025\/12\/logo.png\",\"width\":200,\"height\":25,\"caption\":\"Blog\"},\"image\":{\"@id\":\"https:\/\/www.importecnica.com.br\/blog\/#\/schema\/logo\/image\/\"}},{\"@type\":\"Person\",\"@id\":\"https:\/\/www.importecnica.com.br\/blog\/#\/schema\/person\/d6d0c3dad514e0615a7dd3188fe63bd0\",\"name\":\"admin\",\"image\":{\"@type\":\"ImageObject\",\"inLanguage\":\"pt-BR\",\"@id\":\"https:\/\/secure.gravatar.com\/avatar\/d2abb7e535a7590a6f9b76c75c90ec5441db3a04a205e6d66ecabfb80081f172?s=96&d=mm&r=g\",\"url\":\"https:\/\/secure.gravatar.com\/avatar\/d2abb7e535a7590a6f9b76c75c90ec5441db3a04a205e6d66ecabfb80081f172?s=96&d=mm&r=g\",\"contentUrl\":\"https:\/\/secure.gravatar.com\/avatar\/d2abb7e535a7590a6f9b76c75c90ec5441db3a04a205e6d66ecabfb80081f172?s=96&d=mm&r=g\",\"caption\":\"admin\"},\"sameAs\":[\"https:\/\/www.importecnica.com.br\/blog\"],\"url\":\"https:\/\/www.importecnica.com.br\/blog\/author\/admin\/\"}]}<\/script>\n<!-- \/ Yoast SEO plugin. -->","yoast_head_json":{"title":"Medidor de vibra\u00e7\u00e3o: saiba quando substituir o seu - Blog","description":"Descubra quando trocar o medidor de vibra\u00e7\u00e3o da sua ind\u00fastria e evite falhas na manuten\u00e7\u00e3o preditiva das suas m\u00e1quinas.","robots":{"index":"index","follow":"follow","max-snippet":"max-snippet:-1","max-image-preview":"max-image-preview:large","max-video-preview":"max-video-preview:-1"},"canonical":"https:\/\/www.importecnica.com.br\/blog\/medidor-de-vibracao-saiba-quando-substituir-o-seu\/","og_locale":"pt_BR","og_type":"article","og_title":"Medidor de vibra\u00e7\u00e3o: saiba quando substituir o seu - Blog","og_description":"Descubra quando trocar o medidor de vibra\u00e7\u00e3o da sua ind\u00fastria e evite falhas na manuten\u00e7\u00e3o preditiva das suas m\u00e1quinas.","og_url":"https:\/\/www.importecnica.com.br\/blog\/medidor-de-vibracao-saiba-quando-substituir-o-seu\/","og_site_name":"Blog","article_published_time":"2026-07-28T19:02:20+00:00","og_image":[{"width":1448,"height":1086,"url":"https:\/\/www.importecnica.com.br\/blog\/wp-content\/uploads\/2026\/07\/medidor-de-vibracao.jpg","type":"image\/jpeg"}],"author":"admin","twitter_card":"summary_large_image","twitter_misc":{"Escrito por":"admin","Est. tempo de leitura":"6 minutos"},"schema":{"@context":"https:\/\/schema.org","@graph":[{"@type":"Article","@id":"https:\/\/www.importecnica.com.br\/blog\/medidor-de-vibracao-saiba-quando-substituir-o-seu\/#article","isPartOf":{"@id":"https:\/\/www.importecnica.com.br\/blog\/medidor-de-vibracao-saiba-quando-substituir-o-seu\/"},"author":{"name":"admin","@id":"https:\/\/www.importecnica.com.br\/blog\/#\/schema\/person\/d6d0c3dad514e0615a7dd3188fe63bd0"},"headline":"Medidor de vibra\u00e7\u00e3o: saiba quando substituir o seu","datePublished":"2026-07-28T19:02:20+00:00","mainEntityOfPage":{"@id":"https:\/\/www.importecnica.com.br\/blog\/medidor-de-vibracao-saiba-quando-substituir-o-seu\/"},"wordCount":963,"commentCount":0,"publisher":{"@id":"https:\/\/www.importecnica.com.br\/blog\/#organization"},"image":{"@id":"https:\/\/www.importecnica.com.br\/blog\/medidor-de-vibracao-saiba-quando-substituir-o-seu\/#primaryimage"},"thumbnailUrl":"https:\/\/www.importecnica.com.br\/blog\/wp-content\/uploads\/2026\/07\/medidor-de-vibracao.jpg","keywords":["Com que frequ\u00eancia devo calibrar meu medidor de vibra\u00e7\u00e3o?","Como escolher um medidor de vibra\u00e7\u00e3o para minha ind\u00fastria?","Como funciona a leitura de vibra\u00e7\u00e3o em m\u00e1quinas rotativas?","Como saber se o medidor de vibra\u00e7\u00e3o est\u00e1 descalibrado?","Como solicitar or\u00e7amento de medidor de vibra\u00e7\u00e3o na Import\u00e9cnica?","Como um medidor de vibra\u00e7\u00e3o desatualizado afeta a manuten\u00e7\u00e3o?","Empresa de medidor de vibra\u00e7\u00e3o","Fornecedor de medidor de vibra\u00e7\u00e3o","Loja de medidor de vibra\u00e7\u00e3o","Medidor de vibra\u00e7\u00e3o","Medidor de vibra\u00e7\u00e3o ajuda na manuten\u00e7\u00e3o preditiva?","Medidor de vibra\u00e7\u00e3o comprar","Medidor de vibra\u00e7\u00e3o direto da fabrica","Medidor de vibra\u00e7\u00e3o em Diadema","Medidor de vibra\u00e7\u00e3o em Guarulhos","Medidor de vibra\u00e7\u00e3o em Mau\u00e1","Medidor de vibra\u00e7\u00e3o em Osasco","Medidor de vibra\u00e7\u00e3o em promo\u00e7\u00e3o","Medidor de vibra\u00e7\u00e3o em Ribeir\u00e3o Pires","Medidor de vibra\u00e7\u00e3o em Rio Grande da Serra","Medidor de vibra\u00e7\u00e3o em Santo Andr\u00e9","Medidor de vibra\u00e7\u00e3o em S\u00e3o Bernardo do Campo","Medidor de vibra\u00e7\u00e3o em S\u00e3o Caetano do Sul","Medidor de vibra\u00e7\u00e3o em S\u00e3o Paulo","Medidor de vibra\u00e7\u00e3o em Sorocaba","Medidor de vibra\u00e7\u00e3o em SP","Medidor de vibra\u00e7\u00e3o na Grande S\u00e3o Paulo","Medidor de vibra\u00e7\u00e3o na Mooca","Medidor de vibra\u00e7\u00e3o na Penha","Medidor de vibra\u00e7\u00e3o na Vila Formosa","Medidor de vibra\u00e7\u00e3o na Zona Leste","Medidor de vibra\u00e7\u00e3o na Zona Norte","Medidor de vibra\u00e7\u00e3o na Zona Oeste","Medidor de vibra\u00e7\u00e3o na Zona Sudeste","Medidor de vibra\u00e7\u00e3o na Zona Sul","Medidor de vibra\u00e7\u00e3o no An\u00e1lia Franco","Medidor de vibra\u00e7\u00e3o no Belenzinho","Medidor de vibra\u00e7\u00e3o no Carr\u00e3o","Medidor de vibra\u00e7\u00e3o no Tatuap\u00e9","Medidor de vibra\u00e7\u00e3o onde encontrar","Medidor de vibra\u00e7\u00e3o perto de mim","Medidor de vibra\u00e7\u00e3o pre\u00e7o","Medidor de vibra\u00e7\u00e3o pr\u00f3ximo a mim","O que \u00e9 aceler\u00f4metro em medidor de vibra\u00e7\u00e3o?","Onde comprar medidor de vibra\u00e7\u00e3o confi\u00e1vel?","Quais equipamentos precisam de monitoramento de vibra\u00e7\u00e3o?","Quais os sinais de desgaste em um medidor de vibra\u00e7\u00e3o?","Qual a diferen\u00e7a entre sensor com base magn\u00e9tica e haste de contato?","Qual a vida \u00fatil de um medidor de vibra\u00e7\u00e3o?","Qual medidor de vibra\u00e7\u00e3o \u00e9 indicado para uso di\u00e1rio?","Revendedor de medidor de vibra\u00e7\u00e3o","Vale a pena trocar o medidor de vibra\u00e7\u00e3o ou s\u00f3 calibrar?"],"articleSection":["instrumentos de medi\u00e7\u00e3o"],"inLanguage":"pt-BR","potentialAction":[{"@type":"CommentAction","name":"Comment","target":["https:\/\/www.importecnica.com.br\/blog\/medidor-de-vibracao-saiba-quando-substituir-o-seu\/#respond"]}]},{"@type":"WebPage","@id":"https:\/\/www.importecnica.com.br\/blog\/medidor-de-vibracao-saiba-quando-substituir-o-seu\/","url":"https:\/\/www.importecnica.com.br\/blog\/medidor-de-vibracao-saiba-quando-substituir-o-seu\/","name":"Medidor de vibra\u00e7\u00e3o: saiba quando substituir o seu - Blog","isPartOf":{"@id":"https:\/\/www.importecnica.com.br\/blog\/#website"},"primaryImageOfPage":{"@id":"https:\/\/www.importecnica.com.br\/blog\/medidor-de-vibracao-saiba-quando-substituir-o-seu\/#primaryimage"},"image":{"@id":"https:\/\/www.importecnica.com.br\/blog\/medidor-de-vibracao-saiba-quando-substituir-o-seu\/#primaryimage"},"thumbnailUrl":"https:\/\/www.importecnica.com.br\/blog\/wp-content\/uploads\/2026\/07\/medidor-de-vibracao.jpg","datePublished":"2026-07-28T19:02:20+00:00","description":"Descubra quando trocar o medidor de vibra\u00e7\u00e3o da sua ind\u00fastria e evite falhas na manuten\u00e7\u00e3o preditiva das suas m\u00e1quinas.","breadcrumb":{"@id":"https:\/\/www.importecnica.com.br\/blog\/medidor-de-vibracao-saiba-quando-substituir-o-seu\/#breadcrumb"},"inLanguage":"pt-BR","potentialAction":[{"@type":"ReadAction","target":["https:\/\/www.importecnica.com.br\/blog\/medidor-de-vibracao-saiba-quando-substituir-o-seu\/"]}]},{"@type":"ImageObject","inLanguage":"pt-BR","@id":"https:\/\/www.importecnica.com.br\/blog\/medidor-de-vibracao-saiba-quando-substituir-o-seu\/#primaryimage","url":"https:\/\/www.importecnica.com.br\/blog\/wp-content\/uploads\/2026\/07\/medidor-de-vibracao.jpg","contentUrl":"https:\/\/www.importecnica.com.br\/blog\/wp-content\/uploads\/2026\/07\/medidor-de-vibracao.jpg","width":1448,"height":1086,"caption":"Medidor de vibra\u00e7\u00e3o: saiba quando substituir o seu"},{"@type":"BreadcrumbList","@id":"https:\/\/www.importecnica.com.br\/blog\/medidor-de-vibracao-saiba-quando-substituir-o-seu\/#breadcrumb","itemListElement":[{"@type":"ListItem","position":1,"name":"In\u00edcio","item":"https:\/\/www.importecnica.com.br\/blog\/"},{"@type":"ListItem","position":2,"name":"Medidor de vibra\u00e7\u00e3o: saiba quando substituir o seu"}]},{"@type":"WebSite","@id":"https:\/\/www.importecnica.com.br\/blog\/#website","url":"https:\/\/www.importecnica.com.br\/blog\/","name":"Blog","description":"","publisher":{"@id":"https:\/\/www.importecnica.com.br\/blog\/#organization"},"potentialAction":[{"@type":"SearchAction","target":{"@type":"EntryPoint","urlTemplate":"https:\/\/www.importecnica.com.br\/blog\/?s={search_term_string}"},"query-input":{"@type":"PropertyValueSpecification","valueRequired":true,"valueName":"search_term_string"}}],"inLanguage":"pt-BR"},{"@type":"Organization","@id":"https:\/\/www.importecnica.com.br\/blog\/#organization","name":"Blog","url":"https:\/\/www.importecnica.com.br\/blog\/","logo":{"@type":"ImageObject","inLanguage":"pt-BR","@id":"https:\/\/www.importecnica.com.br\/blog\/#\/schema\/logo\/image\/","url":"https:\/\/www.importecnica.com.br\/blog\/wp-content\/uploads\/2025\/12\/logo.png","contentUrl":"https:\/\/www.importecnica.com.br\/blog\/wp-content\/uploads\/2025\/12\/logo.png","width":200,"height":25,"caption":"Blog"},"image":{"@id":"https:\/\/www.importecnica.com.br\/blog\/#\/schema\/logo\/image\/"}},{"@type":"Person","@id":"https:\/\/www.importecnica.com.br\/blog\/#\/schema\/person\/d6d0c3dad514e0615a7dd3188fe63bd0","name":"admin","image":{"@type":"ImageObject","inLanguage":"pt-BR","@id":"https:\/\/secure.gravatar.com\/avatar\/d2abb7e535a7590a6f9b76c75c90ec5441db3a04a205e6d66ecabfb80081f172?s=96&d=mm&r=g","url":"https:\/\/secure.gravatar.com\/avatar\/d2abb7e535a7590a6f9b76c75c90ec5441db3a04a205e6d66ecabfb80081f172?s=96&d=mm&r=g","contentUrl":"https:\/\/secure.gravatar.com\/avatar\/d2abb7e535a7590a6f9b76c75c90ec5441db3a04a205e6d66ecabfb80081f172?s=96&d=mm&r=g","caption":"admin"},"sameAs":["https:\/\/www.importecnica.com.br\/blog"],"url":"https:\/\/www.importecnica.com.br\/blog\/author\/admin\/"}]}},"_links":{"self":[{"href":"https:\/\/www.importecnica.com.br\/blog\/wp-json\/wp\/v2\/posts\/3755","targetHints":{"allow":["GET"]}}],"collection":[{"href":"https:\/\/www.importecnica.com.br\/blog\/wp-json\/wp\/v2\/posts"}],"about":[{"href":"https:\/\/www.importecnica.com.br\/blog\/wp-json\/wp\/v2\/types\/post"}],"author":[{"embeddable":true,"href":"https:\/\/www.importecnica.com.br\/blog\/wp-json\/wp\/v2\/users\/1"}],"replies":[{"embeddable":true,"href":"https:\/\/www.importecnica.com.br\/blog\/wp-json\/wp\/v2\/comments?post=3755"}],"version-history":[{"count":1,"href":"https:\/\/www.importecnica.com.br\/blog\/wp-json\/wp\/v2\/posts\/3755\/revisions"}],"predecessor-version":[{"id":3757,"href":"https:\/\/www.importecnica.com.br\/blog\/wp-json\/wp\/v2\/posts\/3755\/revisions\/3757"}],"wp:featuredmedia":[{"embeddable":true,"href":"https:\/\/www.importecnica.com.br\/blog\/wp-json\/wp\/v2\/media\/3756"}],"wp:attachment":[{"href":"https:\/\/www.importecnica.com.br\/blog\/wp-json\/wp\/v2\/media?parent=3755"}],"wp:term":[{"taxonomy":"category","embeddable":true,"href":"https:\/\/www.importecnica.com.br\/blog\/wp-json\/wp\/v2\/categories?post=3755"},{"taxonomy":"post_tag","embeddable":true,"href":"https:\/\/www.importecnica.com.br\/blog\/wp-json\/wp\/v2\/tags?post=3755"}],"curies":[{"name":"wp","href":"https:\/\/api.w.org\/{rel}","templated":true}]}}